{"id":3338,"date":"2022-08-01T17:46:13","date_gmt":"2022-08-01T17:46:13","guid":{"rendered":"https:\/\/uw-ar.com\/cumplimos-9-anos\/"},"modified":"2022-12-12T09:34:27","modified_gmt":"2022-12-12T09:34:27","slug":"completamos-9-anos","status":"publish","type":"post","link":"https:\/\/uw-ar.com\/pt-br\/completamos-9-anos\/","title":{"rendered":"Completamos 9 anos"},"content":{"rendered":"<p><!-- wp:cabe\u00e7alho --><\/p>\n<div id=\"ez-toc-container\" class=\"ez-toc-v2_0_82_2 counter-hierarchy ez-toc-counter ez-toc-grey ez-toc-container-direction\">\n<div class=\"ez-toc-title-container\">\n<p class=\"ez-toc-title\" style=\"cursor:inherit\">Table of Contents<\/p>\n<span class=\"ez-toc-title-toggle\"><a href=\"#\" class=\"ez-toc-pull-right ez-toc-btn ez-toc-btn-xs ez-toc-btn-default ez-toc-toggle\" aria-label=\"Alternar tabela de conte\u00fado\"><span class=\"ez-toc-js-icon-con\"><span class=\"\"><span class=\"eztoc-hide\" style=\"display:none;\">Toggle<\/span><span class=\"ez-toc-icon-toggle-span\"><svg style=\"fill: #999;color:#999\" xmlns=\"http:\/\/www.w3.org\/2000\/svg\" class=\"list-377408\" width=\"20px\" height=\"20px\" viewBox=\"0 0 24 24\" fill=\"none\"><path d=\"M6 6H4v2h2V6zm14 0H8v2h12V6zM4 11h2v2H4v-2zm16 0H8v2h12v-2zM4 16h2v2H4v-2zm16 0H8v2h12v-2z\" fill=\"currentColor\"><\/path><\/svg><svg style=\"fill: #999;color:#999\" class=\"arrow-unsorted-368013\" xmlns=\"http:\/\/www.w3.org\/2000\/svg\" width=\"10px\" height=\"10px\" viewBox=\"0 0 24 24\" version=\"1.2\" baseProfile=\"tiny\"><path d=\"M18.2 9.3l-6.2-6.3-6.2 6.3c-.2.2-.3.4-.3.7s.1.5.3.7c.2.2.4.3.7.3h11c.3 0 .5-.1.7-.3.2-.2.3-.5.3-.7s-.1-.5-.3-.7zM5.8 14.7l6.2 6.3 6.2-6.3c.2-.2.3-.5.3-.7s-.1-.5-.3-.7c-.2-.2-.4-.3-.7-.3h-11c-.3 0-.5.1-.7.3-.2.2-.3.5-.3.7s.1.5.3.7z\"\/><\/svg><\/span><\/span><\/span><\/a><\/span><\/div>\n<nav><ul class='ez-toc-list ez-toc-list-level-1 ' ><li class='ez-toc-page-1 ez-toc-heading-level-2'><a class=\"ez-toc-link ez-toc-heading-1\" href=\"https:\/\/uw-ar.com\/pt-br\/completamos-9-anos\/#Mencao_do_jornal_La_Nacion_de_quinta-feira_4_de_agosto_de_2022\" >Men\u00e7\u00e3o do jornal La Naci\u00f3n de quinta-feira, 4 de agosto de 2022<\/a><\/li><li class='ez-toc-page-1 ez-toc-heading-level-2'><a class=\"ez-toc-link ez-toc-heading-2\" href=\"https:\/\/uw-ar.com\/pt-br\/completamos-9-anos\/#Nossa_celebracao\" >Nossa celebra\u00e7\u00e3o<\/a><\/li><\/ul><\/nav><\/div>\n<h2><span class=\"ez-toc-section\" id=\"Mencao_do_jornal_La_Nacion_de_quinta-feira_4_de_agosto_de_2022\"><\/span>Men\u00e7\u00e3o do jornal La Naci\u00f3n de quinta-feira, 4 de agosto de 2022<span class=\"ez-toc-section-end\"><\/span><\/h2>\n<p><!-- \/wp:cabe\u00e7alho --><\/p>\n\n\n<p><\/p>\n\n\n\n<p> <strong>9 ANOS DE SONHO<\/strong><\/p>\n\n\n\n<p><strong>Nascemos com uma ideia: ser l\u00edderes de mercado prestando servi\u00e7os de com\u00e9rcio exterior sob medida para cada cliente. Hoje, como no primeiro dia, continuamos apostando no nosso crescimento, atrav\u00e9s da inova\u00e7\u00e3o para enfrentar cada desafio atual, e oferecer solu\u00e7\u00f5es avan\u00e7adas que chegam por mar, ar ou terra, de e para todos os pontos do planeta. Sempre atrav\u00e9s do nosso profissionalismo, empenho e trabalho em equipa para resolver com efici\u00eancia cada exig\u00eancia de quem nos escolhe.<\/strong><\/p>\n\n\n\n<p><strong>Obrigado aos nossos clientes, fornecedores e nossa grande equipe de ontem e hoje!<\/strong><\/p>\n\n\n\n<h2 class=\"wp-block-heading\"><span class=\"ez-toc-section\" id=\"Nossa_celebracao\"><\/span>Nossa celebra\u00e7\u00e3o<span class=\"ez-toc-section-end\"><\/span><\/h2>\n\n\n\n<p>Cumprimos 9 anos desde a nossa funda\u00e7\u00e3o e comemoramos com este belo evento com toda a nossa equipe. Um brinde a mais anos de sucesso, comprometimento e amizade.<\/p>\n\n\n\n<figure class=\"wp-block-gallery has-nested-images columns-default is-cropped wp-block-gallery-1 is-layout-flex wp-block-gallery-is-layout-flex\">\n<figure class=\"wp-block-image size-large\"><img fetchpriority=\"high\" decoding=\"async\" width=\"1600\" height=\"1067\" data-id=\"3104\" src=\"https:\/\/uw-ar.com\/wp-content\/uploads\/2022\/10\/a-scaled.jpg\" alt=\"\" class=\"wp-image-3104\" srcset=\"https:\/\/uw-ar.com\/wp-content\/uploads\/2022\/10\/a-scaled.jpg 1600w, https:\/\/uw-ar.com\/wp-content\/uploads\/2022\/10\/a-300x200.jpg 300w, https:\/\/uw-ar.com\/wp-content\/uploads\/2022\/10\/a-1024x683.jpg 1024w, https:\/\/uw-ar.com\/wp-content\/uploads\/2022\/10\/a-768x512.jpg 768w, https:\/\/uw-ar.com\/wp-content\/uploads\/2022\/10\/a-1536x1024.jpg 1536w, https:\/\/uw-ar.com\/wp-content\/uploads\/2022\/10\/a-2048x1365.jpg 2048w, https:\/\/uw-ar.com\/wp-content\/uploads\/2022\/10\/a-1320x880.jpg 1320w, https:\/\/uw-ar.com\/wp-content\/uploads\/2022\/10\/a-600x400.jpg 600w\" sizes=\"(max-width: 1600px) 100vw, 1600px\" \/><\/figure>\n\n\n\n<figure class=\"wp-block-image size-large\"><img decoding=\"async\" width=\"1600\" height=\"1067\" data-id=\"3102\" src=\"https:\/\/uw-ar.com\/wp-content\/uploads\/2022\/10\/c-scaled.jpg\" alt=\"\" class=\"wp-image-3102\" srcset=\"https:\/\/uw-ar.com\/wp-content\/uploads\/2022\/10\/c-scaled.jpg 1600w, https:\/\/uw-ar.com\/wp-content\/uploads\/2022\/10\/c-300x200.jpg 300w, https:\/\/uw-ar.com\/wp-content\/uploads\/2022\/10\/c-1024x683.jpg 1024w, https:\/\/uw-ar.com\/wp-content\/uploads\/2022\/10\/c-768x512.jpg 768w, https:\/\/uw-ar.com\/wp-content\/uploads\/2022\/10\/c-1536x1024.jpg 1536w, https:\/\/uw-ar.com\/wp-content\/uploads\/2022\/10\/c-2048x1365.jpg 2048w, https:\/\/uw-ar.com\/wp-content\/uploads\/2022\/10\/c-1320x880.jpg 1320w, https:\/\/uw-ar.com\/wp-content\/uploads\/2022\/10\/c-600x400.jpg 600w\" sizes=\"(max-width: 1600px) 100vw, 1600px\" \/><\/figure>\n\n\n\n<figure class=\"wp-block-image size-large\"><img decoding=\"async\" width=\"1600\" height=\"1013\" data-id=\"3100\" src=\"https:\/\/uw-ar.com\/wp-content\/uploads\/2022\/10\/b-scaled.jpg\" alt=\"\" class=\"wp-image-3100\" srcset=\"https:\/\/uw-ar.com\/wp-content\/uploads\/2022\/10\/b-scaled.jpg 1600w, https:\/\/uw-ar.com\/wp-content\/uploads\/2022\/10\/b-300x190.jpg 300w, https:\/\/uw-ar.com\/wp-content\/uploads\/2022\/10\/b-1024x648.jpg 1024w, https:\/\/uw-ar.com\/wp-content\/uploads\/2022\/10\/b-768x486.jpg 768w, https:\/\/uw-ar.com\/wp-content\/uploads\/2022\/10\/b-1536x972.jpg 1536w, https:\/\/uw-ar.com\/wp-content\/uploads\/2022\/10\/b-2048x1296.jpg 2048w, https:\/\/uw-ar.com\/wp-content\/uploads\/2022\/10\/b-1320x835.jpg 1320w, https:\/\/uw-ar.com\/wp-content\/uploads\/2022\/10\/b-600x380.jpg 600w\" sizes=\"(max-width: 1600px) 100vw, 1600px\" \/><\/figure>\n\n\n\n<figure class=\"wp-block-image size-large\"><img loading=\"lazy\" decoding=\"async\" width=\"1600\" height=\"1435\" data-id=\"3098\" src=\"https:\/\/uw-ar.com\/wp-content\/uploads\/2022\/10\/e.jpg\" alt=\"\" class=\"wp-image-3098\" srcset=\"https:\/\/uw-ar.com\/wp-content\/uploads\/2022\/10\/e.jpg 1600w, https:\/\/uw-ar.com\/wp-content\/uploads\/2022\/10\/e-300x269.jpg 300w, https:\/\/uw-ar.com\/wp-content\/uploads\/2022\/10\/e-1024x919.jpg 1024w, https:\/\/uw-ar.com\/wp-content\/uploads\/2022\/10\/e-768x689.jpg 768w, https:\/\/uw-ar.com\/wp-content\/uploads\/2022\/10\/e-1536x1378.jpg 1536w, https:\/\/uw-ar.com\/wp-content\/uploads\/2022\/10\/e-2048x1837.jpg 2048w, https:\/\/uw-ar.com\/wp-content\/uploads\/2022\/10\/e-1320x1184.jpg 1320w, https:\/\/uw-ar.com\/wp-content\/uploads\/2022\/10\/e-600x538.jpg 600w\" sizes=\"(max-width: 1600px) 100vw, 1600px\" \/><\/figure>\n\n\n\n<figure class=\"wp-block-image size-large\"><img loading=\"lazy\" decoding=\"async\" width=\"1600\" height=\"1041\" data-id=\"3096\" src=\"https:\/\/uw-ar.com\/wp-content\/uploads\/2022\/10\/d-scaled.jpg\" alt=\"\" class=\"wp-image-3096\" srcset=\"https:\/\/uw-ar.com\/wp-content\/uploads\/2022\/10\/d-scaled.jpg 1600w, https:\/\/uw-ar.com\/wp-content\/uploads\/2022\/10\/d-300x195.jpg 300w, https:\/\/uw-ar.com\/wp-content\/uploads\/2022\/10\/d-1024x666.jpg 1024w, https:\/\/uw-ar.com\/wp-content\/uploads\/2022\/10\/d-768x500.jpg 768w, https:\/\/uw-ar.com\/wp-content\/uploads\/2022\/10\/d-1536x999.jpg 1536w, https:\/\/uw-ar.com\/wp-content\/uploads\/2022\/10\/d-2048x1332.jpg 2048w, https:\/\/uw-ar.com\/wp-content\/uploads\/2022\/10\/d-1320x859.jpg 1320w, https:\/\/uw-ar.com\/wp-content\/uploads\/2022\/10\/d-600x390.jpg 600w\" sizes=\"(max-width: 1600px) 100vw, 1600px\" \/><\/figure>\n\n\n\n<figure class=\"wp-block-image size-large\"><img loading=\"lazy\" decoding=\"async\" width=\"1600\" height=\"1154\" data-id=\"3094\" src=\"https:\/\/uw-ar.com\/wp-content\/uploads\/2022\/10\/f-scaled.jpg\" alt=\"\" class=\"wp-image-3094\" srcset=\"https:\/\/uw-ar.com\/wp-content\/uploads\/2022\/10\/f-scaled.jpg 1600w, https:\/\/uw-ar.com\/wp-content\/uploads\/2022\/10\/f-300x216.jpg 300w, https:\/\/uw-ar.com\/wp-content\/uploads\/2022\/10\/f-1024x738.jpg 1024w, https:\/\/uw-ar.com\/wp-content\/uploads\/2022\/10\/f-768x554.jpg 768w, https:\/\/uw-ar.com\/wp-content\/uploads\/2022\/10\/f-1536x1107.jpg 1536w, https:\/\/uw-ar.com\/wp-content\/uploads\/2022\/10\/f-2048x1477.jpg 2048w, https:\/\/uw-ar.com\/wp-content\/uploads\/2022\/10\/f-1320x952.jpg 1320w, https:\/\/uw-ar.com\/wp-content\/uploads\/2022\/10\/f-600x433.jpg 600w\" sizes=\"(max-width: 1600px) 100vw, 1600px\" \/><\/figure>\n<\/figure>\n","protected":false},"excerpt":{"rendered":"<p>Men\u00e7\u00e3o do jornal La Naci\u00f3n de quinta-feira, 4 de agosto de 2022 9 ANOS DE SONHO Nascemos com uma ideia: ser l\u00edderes de mercado prestando servi\u00e7os de com\u00e9rcio exterior sob medida para cada cliente. Hoje, como no primeiro dia, continuamos apostando no nosso crescimento, atrav\u00e9s da inova\u00e7\u00e3o para enfrentar cada desafio atual, e oferecer solu\u00e7\u00f5es [&#8230;]\n","protected":false},"author":1,"featured_media":2556,"comment_status":"closed","ping_status":"closed","sticky":false,"template":"","format":"standard","meta":{"footnotes":""},"categories":[64],"tags":[65,66,67,68,69,70],"_links":{"self":[{"href":"https:\/\/uw-ar.com\/pt-br\/wp-json\/wp\/v2\/posts\/3338"}],"collection":[{"href":"https:\/\/uw-ar.com\/pt-br\/wp-json\/wp\/v2\/posts"}],"about":[{"href":"https:\/\/uw-ar.com\/pt-br\/wp-json\/wp\/v2\/types\/post"}],"author":[{"embeddable":true,"href":"https:\/\/uw-ar.com\/pt-br\/wp-json\/wp\/v2\/users\/1"}],"replies":[{"embeddable":true,"href":"https:\/\/uw-ar.com\/pt-br\/wp-json\/wp\/v2\/comments?post=3338"}],"version-history":[{"count":4,"href":"https:\/\/uw-ar.com\/pt-br\/wp-json\/wp\/v2\/posts\/3338\/revisions"}],"predecessor-version":[{"id":3588,"href":"https:\/\/uw-ar.com\/pt-br\/wp-json\/wp\/v2\/posts\/3338\/revisions\/3588"}],"wp:featuredmedia":[{"embeddable":true,"href":"https:\/\/uw-ar.com\/pt-br\/wp-json\/wp\/v2\/media\/2556"}],"wp:attachment":[{"href":"https:\/\/uw-ar.com\/pt-br\/wp-json\/wp\/v2\/media?parent=3338"}],"wp:term":[{"taxonomy":"category","embeddable":true,"href":"https:\/\/uw-ar.com\/pt-br\/wp-json\/wp\/v2\/categories?post=3338"},{"taxonomy":"post_tag","embeddable":true,"href":"https:\/\/uw-ar.com\/pt-br\/wp-json\/wp\/v2\/tags?post=3338"}],"curies":[{"name":"wp","href":"https:\/\/api.w.org\/{rel}","templated":true}]}}